{"id":20876,"date":"2021-12-13T16:26:17","date_gmt":"2021-12-13T15:26:17","guid":{"rendered":"https:\/\/www.linkeus.fr\/?p=20876"},"modified":"2021-12-13T16:48:04","modified_gmt":"2021-12-13T15:48:04","slug":"lets-reevent-in-monaco","status":"publish","type":"post","link":"https:\/\/www.linkeus.fr\/en\/lets-reevent-in-monaco\/","title":{"rendered":"LET&#8217;S REEVENT IN MONACO"},"content":{"rendered":"<p>#REEVENT is the campaign implemented by <a href=\"https:\/\/cvb.visitmonaco.com\/en\">Monaco<\/a> to clearly emphasize its ability to reinvent business tourism and establish its commitment to environmental conservation and ongoing search for sustainable innovation.<\/p>\n<p>The objective of the Principality is to halve its carbon footprint by 2030 and reach carbon neutrality. An ambitious objective, and one that requires everyone to play their part.<\/p>\n<p>The Destination and its partners are adopting solutions to ensure biodiversity, resource management, and greenhouse gas reductionss and offer high quality, varied and sustainable tourism products. More particularly, initiatives cover responsible gastronomy, certified hotels, soft mobility, places of interest and biodiversity itineraries and responsible business tourism.<\/p>\n<p>For example, the Monte-Carlo Soci\u00e9t\u00e9 des Bains de Mer commits to a Sustainable Development Charter which sets the scene for an environmentally friendly approach. This includes serving organic food at the Elsa in the Hotel Monte-Carlo Beach, the only 100% organic and Ecocert-certified Michelin-starred restaurant in the world. All over the city, sunny spots and rooftops welcome eco-friendly fruit and vegetable patches, like Marcel Ravin\u2019s organic kitchen garden designed by the chef himself. Also, most hotels have opted for environmental certification, while soft mobility is being promoted through the development of a public transport network and efficient intermodal solutions.<\/p>\n<p>The creation of a strategic and operational Sustainable Tourism plan, to be unveiled in 2022, is the next crucial step in this process!<\/p>\n<p><a href=\"https:\/\/youtu.be\/fTCUHO4atgw\">Monaco Reevent<\/a><a href=\"https:\/\/youtu.be\/fTCUHO4atgw\" data-cke-saved-href=\"https:\/\/youtu.be\/fTCUHO4atgw\">: it&#8217;s time for a new deal<\/a><\/p>\n","protected":false},"excerpt":{"rendered":"<p>#REEVENT is the campaign implemented by Monaco to clearly emphasize its ability to reinvent business tourism and establish its commitment to environmental conservation and ongoing search for sustainable innovation. The objective of the Principality is to halve its carbon footprint by 2030 and reach carbon neutrality. An ambitious objective, and one that requires everyone to [&hellip;]<\/p>\n","protected":false},"author":3,"featured_media":6323,"comment_status":"closed","ping_status":"closed","sticky":false,"template":"","format":"standard","meta":{"inline_featured_image":false,"footnotes":""},"categories":[120],"tags":[],"class_list":["post-20876","post","type-post","status-publish","format-standard","has-post-thumbnail","hentry","category-major-events"],"yoast_head":"<!-- This site is optimized with the Yoast SEO plugin v24.0 - https:\/\/yoast.com\/wordpress\/plugins\/seo\/ -->\n<title>LET&#039;S REEVENT IN MONACO - Linkeus Provence C\u00f4te d&#039;Azur Events<\/title>\n<meta name=\"description\" content=\"Monaco will soon publish its action plan for sustainable tourism, another step towards sustainable and greener events\" \/>\n<meta name=\"robots\" content=\"index, follow, max-snippet:-1, max-image-preview:large, max-video-preview:-1\" \/>\n<link rel=\"canonical\" href=\"https:\/\/www.linkeus.fr\/en\/lets-reevent-in-monaco\/\" \/>\n<meta property=\"og:locale\" content=\"en_US\" \/>\n<meta property=\"og:type\" content=\"article\" \/>\n<meta property=\"og:title\" content=\"LET&#039;S REEVENT IN MONACO - Linkeus Provence C\u00f4te d&#039;Azur Events\" \/>\n<meta property=\"og:description\" content=\"Monaco will soon publish its action plan for sustainable tourism, another step towards sustainable and greener events\" \/>\n<meta property=\"og:url\" content=\"https:\/\/www.linkeus.fr\/en\/lets-reevent-in-monaco\/\" \/>\n<meta property=\"og:site_name\" content=\"Linkeus Provence C\u00f4te d&#039;Azur Events\" \/>\n<meta property=\"article:publisher\" content=\"https:\/\/www.facebook.com\/ProvenceCotedAzurEvents\" \/>\n<meta property=\"article:published_time\" content=\"2021-12-13T15:26:17+00:00\" \/>\n<meta property=\"article:modified_time\" content=\"2021-12-13T15:48:04+00:00\" \/>\n<meta property=\"og:image\" content=\"https:\/\/www.linkeus.fr\/wp-content\/uploads\/2020\/08\/PF1_7964.jpg\" \/>\n\t<meta property=\"og:image:width\" content=\"1620\" \/>\n\t<meta property=\"og:image:height\" content=\"1080\" \/>\n\t<meta property=\"og:image:type\" content=\"image\/jpeg\" \/>\n<meta name=\"author\" content=\"Linkeus\" \/>\n<meta name=\"twitter:card\" content=\"summary_large_image\" \/>\n<meta name=\"twitter:label1\" content=\"Written by\" \/>\n\t<meta name=\"twitter:data1\" content=\"Linkeus\" \/>\n\t<meta name=\"twitter:label2\" content=\"Est. reading time\" \/>\n\t<meta name=\"twitter:data2\" content=\"1 minute\" \/>\n<script type=\"application\/ld+json\" class=\"yoast-schema-graph\">{\"@context\":\"https:\/\/schema.org\",\"@graph\":[{\"@type\":\"Article\",\"@id\":\"https:\/\/www.linkeus.fr\/en\/lets-reevent-in-monaco\/#article\",\"isPartOf\":{\"@id\":\"https:\/\/www.linkeus.fr\/en\/lets-reevent-in-monaco\/\"},\"author\":{\"name\":\"Linkeus\",\"@id\":\"https:\/\/www.linkeus.fr\/#\/schema\/person\/883a0a01d2e67dc15791203749d472f7\"},\"headline\":\"LET&#8217;S REEVENT IN MONACO\",\"datePublished\":\"2021-12-13T15:26:17+00:00\",\"dateModified\":\"2021-12-13T15:48:04+00:00\",\"mainEntityOfPage\":{\"@id\":\"https:\/\/www.linkeus.fr\/en\/lets-reevent-in-monaco\/\"},\"wordCount\":237,\"publisher\":{\"@id\":\"https:\/\/www.linkeus.fr\/#organization\"},\"image\":{\"@id\":\"https:\/\/www.linkeus.fr\/en\/lets-reevent-in-monaco\/#primaryimage\"},\"thumbnailUrl\":\"https:\/\/www.linkeus.fr\/wp-content\/uploads\/2020\/08\/PF1_7964.jpg\",\"articleSection\":[\"Major events\"],\"inLanguage\":\"en-US\"},{\"@type\":\"WebPage\",\"@id\":\"https:\/\/www.linkeus.fr\/en\/lets-reevent-in-monaco\/\",\"url\":\"https:\/\/www.linkeus.fr\/en\/lets-reevent-in-monaco\/\",\"name\":\"LET'S REEVENT IN MONACO - Linkeus Provence C\u00f4te d&#039;Azur Events\",\"isPartOf\":{\"@id\":\"https:\/\/www.linkeus.fr\/#website\"},\"primaryImageOfPage\":{\"@id\":\"https:\/\/www.linkeus.fr\/en\/lets-reevent-in-monaco\/#primaryimage\"},\"image\":{\"@id\":\"https:\/\/www.linkeus.fr\/en\/lets-reevent-in-monaco\/#primaryimage\"},\"thumbnailUrl\":\"https:\/\/www.linkeus.fr\/wp-content\/uploads\/2020\/08\/PF1_7964.jpg\",\"datePublished\":\"2021-12-13T15:26:17+00:00\",\"dateModified\":\"2021-12-13T15:48:04+00:00\",\"description\":\"Monaco will soon publish its action plan for sustainable tourism, another step towards sustainable and greener events\",\"breadcrumb\":{\"@id\":\"https:\/\/www.linkeus.fr\/en\/lets-reevent-in-monaco\/#breadcrumb\"},\"inLanguage\":\"en-US\",\"potentialAction\":[{\"@type\":\"ReadAction\",\"target\":[\"https:\/\/www.linkeus.fr\/en\/lets-reevent-in-monaco\/\"]}]},{\"@type\":\"ImageObject\",\"inLanguage\":\"en-US\",\"@id\":\"https:\/\/www.linkeus.fr\/en\/lets-reevent-in-monaco\/#primaryimage\",\"url\":\"https:\/\/www.linkeus.fr\/wp-content\/uploads\/2020\/08\/PF1_7964.jpg\",\"contentUrl\":\"https:\/\/www.linkeus.fr\/wp-content\/uploads\/2020\/08\/PF1_7964.jpg\",\"width\":1620,\"height\":1080},{\"@type\":\"BreadcrumbList\",\"@id\":\"https:\/\/www.linkeus.fr\/en\/lets-reevent-in-monaco\/#breadcrumb\",\"itemListElement\":[{\"@type\":\"ListItem\",\"position\":1,\"name\":\"Accueil\",\"item\":\"https:\/\/www.linkeus.fr\/en\/\"},{\"@type\":\"ListItem\",\"position\":2,\"name\":\"LET&#8217;S REEVENT IN MONACO\"}]},{\"@type\":\"WebSite\",\"@id\":\"https:\/\/www.linkeus.fr\/#website\",\"url\":\"https:\/\/www.linkeus.fr\/\",\"name\":\"Linkeus Provence C\u00f4te d&#039;Azur Events\",\"description\":\"Le bureau des congr\u00e8s regional : l&#039;interlocuteur privil\u00e9gi\u00e9 pour l&#039;organisation de vos \u00e9v\u00e8nements professionnels en Provence Alpes C\u00f4te d&#039;Azur\",\"publisher\":{\"@id\":\"https:\/\/www.linkeus.fr\/#organization\"},\"potentialAction\":[{\"@type\":\"SearchAction\",\"target\":{\"@type\":\"EntryPoint\",\"urlTemplate\":\"https:\/\/www.linkeus.fr\/?s={search_term_string}\"},\"query-input\":{\"@type\":\"PropertyValueSpecification\",\"valueRequired\":true,\"valueName\":\"search_term_string\"}}],\"inLanguage\":\"en-US\"},{\"@type\":\"Organization\",\"@id\":\"https:\/\/www.linkeus.fr\/#organization\",\"name\":\"Linkeus Provence C\u00f4te d&#039;Azur Events\",\"url\":\"https:\/\/www.linkeus.fr\/\",\"logo\":{\"@type\":\"ImageObject\",\"inLanguage\":\"en-US\",\"@id\":\"https:\/\/www.linkeus.fr\/#\/schema\/logo\/image\/\",\"url\":\"https:\/\/www.linkeus.fr\/wp-content\/uploads\/2022\/09\/log-linkeus290.png\",\"contentUrl\":\"https:\/\/www.linkeus.fr\/wp-content\/uploads\/2022\/09\/log-linkeus290.png\",\"width\":290,\"height\":100,\"caption\":\"Linkeus Provence C\u00f4te d&#039;Azur Events\"},\"image\":{\"@id\":\"https:\/\/www.linkeus.fr\/#\/schema\/logo\/image\/\"},\"sameAs\":[\"https:\/\/www.facebook.com\/ProvenceCotedAzurEvents\"]},{\"@type\":\"Person\",\"@id\":\"https:\/\/www.linkeus.fr\/#\/schema\/person\/883a0a01d2e67dc15791203749d472f7\",\"name\":\"Linkeus\",\"url\":\"https:\/\/www.linkeus.fr\/en\/author\/llelu\/\"}]}<\/script>\n<!-- \/ Yoast SEO plugin. -->","yoast_head_json":{"title":"LET'S REEVENT IN MONACO - Linkeus Provence C\u00f4te d&#039;Azur Events","description":"Monaco will soon publish its action plan for sustainable tourism, another step towards sustainable and greener events","robots":{"index":"index","follow":"follow","max-snippet":"max-snippet:-1","max-image-preview":"max-image-preview:large","max-video-preview":"max-video-preview:-1"},"canonical":"https:\/\/www.linkeus.fr\/en\/lets-reevent-in-monaco\/","og_locale":"en_US","og_type":"article","og_title":"LET'S REEVENT IN MONACO - Linkeus Provence C\u00f4te d&#039;Azur Events","og_description":"Monaco will soon publish its action plan for sustainable tourism, another step towards sustainable and greener events","og_url":"https:\/\/www.linkeus.fr\/en\/lets-reevent-in-monaco\/","og_site_name":"Linkeus Provence C\u00f4te d&#039;Azur Events","article_publisher":"https:\/\/www.facebook.com\/ProvenceCotedAzurEvents","article_published_time":"2021-12-13T15:26:17+00:00","article_modified_time":"2021-12-13T15:48:04+00:00","og_image":[{"width":1620,"height":1080,"url":"https:\/\/www.linkeus.fr\/wp-content\/uploads\/2020\/08\/PF1_7964.jpg","type":"image\/jpeg"}],"author":"Linkeus","twitter_card":"summary_large_image","twitter_misc":{"Written by":"Linkeus","Est. reading time":"1 minute"},"schema":{"@context":"https:\/\/schema.org","@graph":[{"@type":"Article","@id":"https:\/\/www.linkeus.fr\/en\/lets-reevent-in-monaco\/#article","isPartOf":{"@id":"https:\/\/www.linkeus.fr\/en\/lets-reevent-in-monaco\/"},"author":{"name":"Linkeus","@id":"https:\/\/www.linkeus.fr\/#\/schema\/person\/883a0a01d2e67dc15791203749d472f7"},"headline":"LET&#8217;S REEVENT IN MONACO","datePublished":"2021-12-13T15:26:17+00:00","dateModified":"2021-12-13T15:48:04+00:00","mainEntityOfPage":{"@id":"https:\/\/www.linkeus.fr\/en\/lets-reevent-in-monaco\/"},"wordCount":237,"publisher":{"@id":"https:\/\/www.linkeus.fr\/#organization"},"image":{"@id":"https:\/\/www.linkeus.fr\/en\/lets-reevent-in-monaco\/#primaryimage"},"thumbnailUrl":"https:\/\/www.linkeus.fr\/wp-content\/uploads\/2020\/08\/PF1_7964.jpg","articleSection":["Major events"],"inLanguage":"en-US"},{"@type":"WebPage","@id":"https:\/\/www.linkeus.fr\/en\/lets-reevent-in-monaco\/","url":"https:\/\/www.linkeus.fr\/en\/lets-reevent-in-monaco\/","name":"LET'S REEVENT IN MONACO - Linkeus Provence C\u00f4te d&#039;Azur Events","isPartOf":{"@id":"https:\/\/www.linkeus.fr\/#website"},"primaryImageOfPage":{"@id":"https:\/\/www.linkeus.fr\/en\/lets-reevent-in-monaco\/#primaryimage"},"image":{"@id":"https:\/\/www.linkeus.fr\/en\/lets-reevent-in-monaco\/#primaryimage"},"thumbnailUrl":"https:\/\/www.linkeus.fr\/wp-content\/uploads\/2020\/08\/PF1_7964.jpg","datePublished":"2021-12-13T15:26:17+00:00","dateModified":"2021-12-13T15:48:04+00:00","description":"Monaco will soon publish its action plan for sustainable tourism, another step towards sustainable and greener events","breadcrumb":{"@id":"https:\/\/www.linkeus.fr\/en\/lets-reevent-in-monaco\/#breadcrumb"},"inLanguage":"en-US","potentialAction":[{"@type":"ReadAction","target":["https:\/\/www.linkeus.fr\/en\/lets-reevent-in-monaco\/"]}]},{"@type":"ImageObject","inLanguage":"en-US","@id":"https:\/\/www.linkeus.fr\/en\/lets-reevent-in-monaco\/#primaryimage","url":"https:\/\/www.linkeus.fr\/wp-content\/uploads\/2020\/08\/PF1_7964.jpg","contentUrl":"https:\/\/www.linkeus.fr\/wp-content\/uploads\/2020\/08\/PF1_7964.jpg","width":1620,"height":1080},{"@type":"BreadcrumbList","@id":"https:\/\/www.linkeus.fr\/en\/lets-reevent-in-monaco\/#breadcrumb","itemListElement":[{"@type":"ListItem","position":1,"name":"Accueil","item":"https:\/\/www.linkeus.fr\/en\/"},{"@type":"ListItem","position":2,"name":"LET&#8217;S REEVENT IN MONACO"}]},{"@type":"WebSite","@id":"https:\/\/www.linkeus.fr\/#website","url":"https:\/\/www.linkeus.fr\/","name":"Linkeus Provence C\u00f4te d&#039;Azur Events","description":"Le bureau des congr\u00e8s regional : l&#039;interlocuteur privil\u00e9gi\u00e9 pour l&#039;organisation de vos \u00e9v\u00e8nements professionnels en Provence Alpes C\u00f4te d&#039;Azur","publisher":{"@id":"https:\/\/www.linkeus.fr\/#organization"},"potentialAction":[{"@type":"SearchAction","target":{"@type":"EntryPoint","urlTemplate":"https:\/\/www.linkeus.fr\/?s={search_term_string}"},"query-input":{"@type":"PropertyValueSpecification","valueRequired":true,"valueName":"search_term_string"}}],"inLanguage":"en-US"},{"@type":"Organization","@id":"https:\/\/www.linkeus.fr\/#organization","name":"Linkeus Provence C\u00f4te d&#039;Azur Events","url":"https:\/\/www.linkeus.fr\/","logo":{"@type":"ImageObject","inLanguage":"en-US","@id":"https:\/\/www.linkeus.fr\/#\/schema\/logo\/image\/","url":"https:\/\/www.linkeus.fr\/wp-content\/uploads\/2022\/09\/log-linkeus290.png","contentUrl":"https:\/\/www.linkeus.fr\/wp-content\/uploads\/2022\/09\/log-linkeus290.png","width":290,"height":100,"caption":"Linkeus Provence C\u00f4te d&#039;Azur Events"},"image":{"@id":"https:\/\/www.linkeus.fr\/#\/schema\/logo\/image\/"},"sameAs":["https:\/\/www.facebook.com\/ProvenceCotedAzurEvents"]},{"@type":"Person","@id":"https:\/\/www.linkeus.fr\/#\/schema\/person\/883a0a01d2e67dc15791203749d472f7","name":"Linkeus","url":"https:\/\/www.linkeus.fr\/en\/author\/llelu\/"}]}},"_links":{"self":[{"href":"https:\/\/www.linkeus.fr\/en\/wp-json\/wp\/v2\/posts\/20876","targetHints":{"allow":["GET"]}}],"collection":[{"href":"https:\/\/www.linkeus.fr\/en\/wp-json\/wp\/v2\/posts"}],"about":[{"href":"https:\/\/www.linkeus.fr\/en\/wp-json\/wp\/v2\/types\/post"}],"author":[{"embeddable":true,"href":"https:\/\/www.linkeus.fr\/en\/wp-json\/wp\/v2\/users\/3"}],"replies":[{"embeddable":true,"href":"https:\/\/www.linkeus.fr\/en\/wp-json\/wp\/v2\/comments?post=20876"}],"version-history":[{"count":0,"href":"https:\/\/www.linkeus.fr\/en\/wp-json\/wp\/v2\/posts\/20876\/revisions"}],"wp:featuredmedia":[{"embeddable":true,"href":"https:\/\/www.linkeus.fr\/en\/wp-json\/wp\/v2\/media\/6323"}],"wp:attachment":[{"href":"https:\/\/www.linkeus.fr\/en\/wp-json\/wp\/v2\/media?parent=20876"}],"wp:term":[{"taxonomy":"category","embeddable":true,"href":"https:\/\/www.linkeus.fr\/en\/wp-json\/wp\/v2\/categories?post=20876"},{"taxonomy":"post_tag","embeddable":true,"href":"https:\/\/www.linkeus.fr\/en\/wp-json\/wp\/v2\/tags?post=20876"}],"curies":[{"name":"wp","href":"https:\/\/api.w.org\/{rel}","templated":true}]}}