{"id":18715,"date":"2020-12-01T12:36:23","date_gmt":"2020-12-01T11:36:23","guid":{"rendered":"https:\/\/www.linkeus.fr\/dispositif-ace-relance-post-covid\/"},"modified":"2020-12-01T12:36:23","modified_gmt":"2020-12-01T11:36:23","slug":"dispositif-ace-relance-post-covid","status":"publish","type":"post","link":"https:\/\/www.linkeus.fr\/en\/dispositif-ace-relance-post-covid\/","title":{"rendered":"Dispositif ACE Relance post-Covid"},"content":{"rendered":"<p>L\u2019apparition de l\u2019\u00e9pid\u00e9mie de Covid-19 et le confinement g\u00e9n\u00e9ral ont impact\u00e9 fortement notre secteur d\u00e8s le mois de mars 2020. Dans ce contexte, la R\u00e9gion Provence- Alpes -C\u00f4te d\u2019Azur s\u2019est mobilis\u00e9e aux c\u00f4t\u00e9s de ses partenaires pour soutenir la reprise du secteur des rencontres professionnelles, pour convaincre les organisateurs d\u2019\u00e9v\u00e9nements \u00e9conomiques de choisir nos territoires, au b\u00e9n\u00e9fice des entreprises de la r\u00e9gion et pour p\u00e9renniser leurs activit\u00e9s et sauvegarder les emplois.<\/p>\n<p>Dans le cadre du plan de relance de l\u2019\u00e9conomie touristique vot\u00e9 le 19 juin 2020, la R\u00e9gion a lanc\u00e9 un dispositif compl\u00e9mentaire de l\u2019appel \u00e0 projet \u00ab Attract Congresses and Events \u00bb. Ce nouveau dispositif \u00ab ACE Relance post \u2013 Covid \u00bb vise \u00e0 continuer de favoriser les importantes retomb\u00e9es \u00e9conomiques et touristiques des \u00e9v\u00e9nements professionnels sur notre territoire.<\/p>\n<p>Sont \u00e9ligibles les congr\u00e8s avec un minimum de 400 nuit\u00e9es, les salons professionnels avec un minimum de 500 participants et exploitant une surface au minimum de 1500 m\u00b2 bruts. Les b\u00e9n\u00e9ficiaires sont les structures priv\u00e9es organisatrices et productrices d\u2019\u00e9v\u00e9nements \u00e9conomiques.<\/p>\n<p>Provence C\u00f4te d\u2019Azur Events est associ\u00e9 au recensement des projets et \u00e0 leur analyse aux c\u00f4t\u00e9s de l\u2019\u00e9quipe du Service Attractivit\u00e9 et Tourisme de la R\u00e9gion.<\/p>\n<p>Pour toute information compl\u00e9mentaire merci de contacter :<\/p>\n<ul>\n<li>Laetitia CASSUTO <a href=\"mailto:l.cassuto@provencecotedazurevents.com\">l.cassuto@provencecotedazurevents.com<\/a><\/li>\n<li>ou H\u00e9li\u00e9na BREGAND <a href=\"mailto:h.bregand@provencecotedazurevents.com\">h.bregand@provencecotedazurevents.com<\/a><\/li>\n<\/ul>\n","protected":false},"excerpt":{"rendered":"<p>L\u2019apparition de l\u2019\u00e9pid\u00e9mie de Covid-19 et le confinement g\u00e9n\u00e9ral ont impact\u00e9 fortement notre secteur d\u00e8s le mois de mars 2020. Dans ce contexte, la R\u00e9gion Provence- Alpes -C\u00f4te d\u2019Azur s\u2019est mobilis\u00e9e aux c\u00f4t\u00e9s de ses partenaires pour soutenir la reprise du secteur des rencontres professionnelles, pour convaincre les organisateurs d\u2019\u00e9v\u00e9nements \u00e9conomiques de choisir nos territoires, [&hellip;]<\/p>\n","protected":false},"author":2,"featured_media":17925,"comment_status":"closed","ping_status":"closed","sticky":false,"template":"","format":"standard","meta":{"inline_featured_image":false,"footnotes":""},"categories":[120],"tags":[],"class_list":["post-18715","post","type-post","status-publish","format-standard","has-post-thumbnail","hentry","category-major-events"],"yoast_head":"<!-- This site is optimized with the Yoast SEO plugin v24.0 - https:\/\/yoast.com\/wordpress\/plugins\/seo\/ -->\n<title>Dispositif ACE Relance post-Covid - Linkeus Provence C\u00f4te d&#039;Azur Events<\/title>\n<meta name=\"robots\" content=\"index, follow, max-snippet:-1, max-image-preview:large, max-video-preview:-1\" \/>\n<link rel=\"canonical\" href=\"https:\/\/www.linkeus.fr\/en\/dispositif-ace-relance-post-covid\/\" \/>\n<meta property=\"og:locale\" content=\"en_US\" \/>\n<meta property=\"og:type\" content=\"article\" \/>\n<meta property=\"og:title\" content=\"Dispositif ACE Relance post-Covid - Linkeus Provence C\u00f4te d&#039;Azur Events\" \/>\n<meta property=\"og:description\" content=\"L\u2019apparition de l\u2019\u00e9pid\u00e9mie de Covid-19 et le confinement g\u00e9n\u00e9ral ont impact\u00e9 fortement notre secteur d\u00e8s le mois de mars 2020. Dans ce contexte, la R\u00e9gion Provence- Alpes -C\u00f4te d\u2019Azur s\u2019est mobilis\u00e9e aux c\u00f4t\u00e9s de ses partenaires pour soutenir la reprise du secteur des rencontres professionnelles, pour convaincre les organisateurs d\u2019\u00e9v\u00e9nements \u00e9conomiques de choisir nos territoires, [&hellip;]\" \/>\n<meta property=\"og:url\" content=\"https:\/\/www.linkeus.fr\/en\/dispositif-ace-relance-post-covid\/\" \/>\n<meta property=\"og:site_name\" content=\"Linkeus Provence C\u00f4te d&#039;Azur Events\" \/>\n<meta property=\"article:publisher\" content=\"https:\/\/www.facebook.com\/ProvenceCotedAzurEvents\" \/>\n<meta property=\"article:published_time\" content=\"2020-12-01T11:36:23+00:00\" \/>\n<meta property=\"og:image\" content=\"https:\/\/www.linkeus.fr\/wp-content\/uploads\/2020\/10\/20200901_115952-scaled.jpg\" \/>\n\t<meta property=\"og:image:width\" content=\"2560\" \/>\n\t<meta property=\"og:image:height\" content=\"1920\" \/>\n\t<meta property=\"og:image:type\" content=\"image\/jpeg\" \/>\n<meta name=\"author\" content=\"Lucile Lagache\" \/>\n<meta name=\"twitter:card\" content=\"summary_large_image\" \/>\n<meta name=\"twitter:label1\" content=\"Written by\" \/>\n\t<meta name=\"twitter:data1\" content=\"Lucile Lagache\" \/>\n\t<meta name=\"twitter:label2\" content=\"Est. reading time\" \/>\n\t<meta name=\"twitter:data2\" content=\"1 minute\" \/>\n<script type=\"application\/ld+json\" class=\"yoast-schema-graph\">{\"@context\":\"https:\/\/schema.org\",\"@graph\":[{\"@type\":\"Article\",\"@id\":\"https:\/\/www.linkeus.fr\/en\/dispositif-ace-relance-post-covid\/#article\",\"isPartOf\":{\"@id\":\"https:\/\/www.linkeus.fr\/en\/dispositif-ace-relance-post-covid\/\"},\"author\":{\"name\":\"Lucile Lagache\",\"@id\":\"https:\/\/www.linkeus.fr\/#\/schema\/person\/f25ebb03c93b16e5b799059c9fe13b4e\"},\"headline\":\"Dispositif ACE Relance post-Covid\",\"datePublished\":\"2020-12-01T11:36:23+00:00\",\"dateModified\":\"2020-12-01T11:36:23+00:00\",\"mainEntityOfPage\":{\"@id\":\"https:\/\/www.linkeus.fr\/en\/dispositif-ace-relance-post-covid\/\"},\"wordCount\":248,\"publisher\":{\"@id\":\"https:\/\/www.linkeus.fr\/#organization\"},\"image\":{\"@id\":\"https:\/\/www.linkeus.fr\/en\/dispositif-ace-relance-post-covid\/#primaryimage\"},\"thumbnailUrl\":\"https:\/\/www.linkeus.fr\/wp-content\/uploads\/2020\/10\/20200901_115952-scaled.jpg\",\"articleSection\":[\"Major events\"],\"inLanguage\":\"en-US\"},{\"@type\":\"WebPage\",\"@id\":\"https:\/\/www.linkeus.fr\/en\/dispositif-ace-relance-post-covid\/\",\"url\":\"https:\/\/www.linkeus.fr\/en\/dispositif-ace-relance-post-covid\/\",\"name\":\"Dispositif ACE Relance post-Covid - Linkeus Provence C\u00f4te d&#039;Azur Events\",\"isPartOf\":{\"@id\":\"https:\/\/www.linkeus.fr\/#website\"},\"primaryImageOfPage\":{\"@id\":\"https:\/\/www.linkeus.fr\/en\/dispositif-ace-relance-post-covid\/#primaryimage\"},\"image\":{\"@id\":\"https:\/\/www.linkeus.fr\/en\/dispositif-ace-relance-post-covid\/#primaryimage\"},\"thumbnailUrl\":\"https:\/\/www.linkeus.fr\/wp-content\/uploads\/2020\/10\/20200901_115952-scaled.jpg\",\"datePublished\":\"2020-12-01T11:36:23+00:00\",\"dateModified\":\"2020-12-01T11:36:23+00:00\",\"breadcrumb\":{\"@id\":\"https:\/\/www.linkeus.fr\/en\/dispositif-ace-relance-post-covid\/#breadcrumb\"},\"inLanguage\":\"en-US\",\"potentialAction\":[{\"@type\":\"ReadAction\",\"target\":[\"https:\/\/www.linkeus.fr\/en\/dispositif-ace-relance-post-covid\/\"]}]},{\"@type\":\"ImageObject\",\"inLanguage\":\"en-US\",\"@id\":\"https:\/\/www.linkeus.fr\/en\/dispositif-ace-relance-post-covid\/#primaryimage\",\"url\":\"https:\/\/www.linkeus.fr\/wp-content\/uploads\/2020\/10\/20200901_115952-scaled.jpg\",\"contentUrl\":\"https:\/\/www.linkeus.fr\/wp-content\/uploads\/2020\/10\/20200901_115952-scaled.jpg\",\"width\":2560,\"height\":1920},{\"@type\":\"BreadcrumbList\",\"@id\":\"https:\/\/www.linkeus.fr\/en\/dispositif-ace-relance-post-covid\/#breadcrumb\",\"itemListElement\":[{\"@type\":\"ListItem\",\"position\":1,\"name\":\"Accueil\",\"item\":\"https:\/\/www.linkeus.fr\/en\/\"},{\"@type\":\"ListItem\",\"position\":2,\"name\":\"Dispositif ACE Relance post-Covid\"}]},{\"@type\":\"WebSite\",\"@id\":\"https:\/\/www.linkeus.fr\/#website\",\"url\":\"https:\/\/www.linkeus.fr\/\",\"name\":\"Linkeus Provence C\u00f4te d&#039;Azur Events\",\"description\":\"Le bureau des congr\u00e8s regional : l&#039;interlocuteur privil\u00e9gi\u00e9 pour l&#039;organisation de vos \u00e9v\u00e8nements professionnels en Provence Alpes C\u00f4te d&#039;Azur\",\"publisher\":{\"@id\":\"https:\/\/www.linkeus.fr\/#organization\"},\"potentialAction\":[{\"@type\":\"SearchAction\",\"target\":{\"@type\":\"EntryPoint\",\"urlTemplate\":\"https:\/\/www.linkeus.fr\/?s={search_term_string}\"},\"query-input\":{\"@type\":\"PropertyValueSpecification\",\"valueRequired\":true,\"valueName\":\"search_term_string\"}}],\"inLanguage\":\"en-US\"},{\"@type\":\"Organization\",\"@id\":\"https:\/\/www.linkeus.fr\/#organization\",\"name\":\"Linkeus Provence C\u00f4te d&#039;Azur Events\",\"url\":\"https:\/\/www.linkeus.fr\/\",\"logo\":{\"@type\":\"ImageObject\",\"inLanguage\":\"en-US\",\"@id\":\"https:\/\/www.linkeus.fr\/#\/schema\/logo\/image\/\",\"url\":\"https:\/\/www.linkeus.fr\/wp-content\/uploads\/2022\/09\/log-linkeus290.png\",\"contentUrl\":\"https:\/\/www.linkeus.fr\/wp-content\/uploads\/2022\/09\/log-linkeus290.png\",\"width\":290,\"height\":100,\"caption\":\"Linkeus Provence C\u00f4te d&#039;Azur Events\"},\"image\":{\"@id\":\"https:\/\/www.linkeus.fr\/#\/schema\/logo\/image\/\"},\"sameAs\":[\"https:\/\/www.facebook.com\/ProvenceCotedAzurEvents\"]},{\"@type\":\"Person\",\"@id\":\"https:\/\/www.linkeus.fr\/#\/schema\/person\/f25ebb03c93b16e5b799059c9fe13b4e\",\"name\":\"Lucile Lagache\",\"url\":\"https:\/\/www.linkeus.fr\/en\/author\/lucile\/\"}]}<\/script>\n<!-- \/ Yoast SEO plugin. -->","yoast_head_json":{"title":"Dispositif ACE Relance post-Covid - Linkeus Provence C\u00f4te d&#039;Azur Events","robots":{"index":"index","follow":"follow","max-snippet":"max-snippet:-1","max-image-preview":"max-image-preview:large","max-video-preview":"max-video-preview:-1"},"canonical":"https:\/\/www.linkeus.fr\/en\/dispositif-ace-relance-post-covid\/","og_locale":"en_US","og_type":"article","og_title":"Dispositif ACE Relance post-Covid - Linkeus Provence C\u00f4te d&#039;Azur Events","og_description":"L\u2019apparition de l\u2019\u00e9pid\u00e9mie de Covid-19 et le confinement g\u00e9n\u00e9ral ont impact\u00e9 fortement notre secteur d\u00e8s le mois de mars 2020. Dans ce contexte, la R\u00e9gion Provence- Alpes -C\u00f4te d\u2019Azur s\u2019est mobilis\u00e9e aux c\u00f4t\u00e9s de ses partenaires pour soutenir la reprise du secteur des rencontres professionnelles, pour convaincre les organisateurs d\u2019\u00e9v\u00e9nements \u00e9conomiques de choisir nos territoires, [&hellip;]","og_url":"https:\/\/www.linkeus.fr\/en\/dispositif-ace-relance-post-covid\/","og_site_name":"Linkeus Provence C\u00f4te d&#039;Azur Events","article_publisher":"https:\/\/www.facebook.com\/ProvenceCotedAzurEvents","article_published_time":"2020-12-01T11:36:23+00:00","og_image":[{"width":2560,"height":1920,"url":"https:\/\/www.linkeus.fr\/wp-content\/uploads\/2020\/10\/20200901_115952-scaled.jpg","type":"image\/jpeg"}],"author":"Lucile Lagache","twitter_card":"summary_large_image","twitter_misc":{"Written by":"Lucile Lagache","Est. reading time":"1 minute"},"schema":{"@context":"https:\/\/schema.org","@graph":[{"@type":"Article","@id":"https:\/\/www.linkeus.fr\/en\/dispositif-ace-relance-post-covid\/#article","isPartOf":{"@id":"https:\/\/www.linkeus.fr\/en\/dispositif-ace-relance-post-covid\/"},"author":{"name":"Lucile Lagache","@id":"https:\/\/www.linkeus.fr\/#\/schema\/person\/f25ebb03c93b16e5b799059c9fe13b4e"},"headline":"Dispositif ACE Relance post-Covid","datePublished":"2020-12-01T11:36:23+00:00","dateModified":"2020-12-01T11:36:23+00:00","mainEntityOfPage":{"@id":"https:\/\/www.linkeus.fr\/en\/dispositif-ace-relance-post-covid\/"},"wordCount":248,"publisher":{"@id":"https:\/\/www.linkeus.fr\/#organization"},"image":{"@id":"https:\/\/www.linkeus.fr\/en\/dispositif-ace-relance-post-covid\/#primaryimage"},"thumbnailUrl":"https:\/\/www.linkeus.fr\/wp-content\/uploads\/2020\/10\/20200901_115952-scaled.jpg","articleSection":["Major events"],"inLanguage":"en-US"},{"@type":"WebPage","@id":"https:\/\/www.linkeus.fr\/en\/dispositif-ace-relance-post-covid\/","url":"https:\/\/www.linkeus.fr\/en\/dispositif-ace-relance-post-covid\/","name":"Dispositif ACE Relance post-Covid - Linkeus Provence C\u00f4te d&#039;Azur Events","isPartOf":{"@id":"https:\/\/www.linkeus.fr\/#website"},"primaryImageOfPage":{"@id":"https:\/\/www.linkeus.fr\/en\/dispositif-ace-relance-post-covid\/#primaryimage"},"image":{"@id":"https:\/\/www.linkeus.fr\/en\/dispositif-ace-relance-post-covid\/#primaryimage"},"thumbnailUrl":"https:\/\/www.linkeus.fr\/wp-content\/uploads\/2020\/10\/20200901_115952-scaled.jpg","datePublished":"2020-12-01T11:36:23+00:00","dateModified":"2020-12-01T11:36:23+00:00","breadcrumb":{"@id":"https:\/\/www.linkeus.fr\/en\/dispositif-ace-relance-post-covid\/#breadcrumb"},"inLanguage":"en-US","potentialAction":[{"@type":"ReadAction","target":["https:\/\/www.linkeus.fr\/en\/dispositif-ace-relance-post-covid\/"]}]},{"@type":"ImageObject","inLanguage":"en-US","@id":"https:\/\/www.linkeus.fr\/en\/dispositif-ace-relance-post-covid\/#primaryimage","url":"https:\/\/www.linkeus.fr\/wp-content\/uploads\/2020\/10\/20200901_115952-scaled.jpg","contentUrl":"https:\/\/www.linkeus.fr\/wp-content\/uploads\/2020\/10\/20200901_115952-scaled.jpg","width":2560,"height":1920},{"@type":"BreadcrumbList","@id":"https:\/\/www.linkeus.fr\/en\/dispositif-ace-relance-post-covid\/#breadcrumb","itemListElement":[{"@type":"ListItem","position":1,"name":"Accueil","item":"https:\/\/www.linkeus.fr\/en\/"},{"@type":"ListItem","position":2,"name":"Dispositif ACE Relance post-Covid"}]},{"@type":"WebSite","@id":"https:\/\/www.linkeus.fr\/#website","url":"https:\/\/www.linkeus.fr\/","name":"Linkeus Provence C\u00f4te d&#039;Azur Events","description":"Le bureau des congr\u00e8s regional : l&#039;interlocuteur privil\u00e9gi\u00e9 pour l&#039;organisation de vos \u00e9v\u00e8nements professionnels en Provence Alpes C\u00f4te d&#039;Azur","publisher":{"@id":"https:\/\/www.linkeus.fr\/#organization"},"potentialAction":[{"@type":"SearchAction","target":{"@type":"EntryPoint","urlTemplate":"https:\/\/www.linkeus.fr\/?s={search_term_string}"},"query-input":{"@type":"PropertyValueSpecification","valueRequired":true,"valueName":"search_term_string"}}],"inLanguage":"en-US"},{"@type":"Organization","@id":"https:\/\/www.linkeus.fr\/#organization","name":"Linkeus Provence C\u00f4te d&#039;Azur Events","url":"https:\/\/www.linkeus.fr\/","logo":{"@type":"ImageObject","inLanguage":"en-US","@id":"https:\/\/www.linkeus.fr\/#\/schema\/logo\/image\/","url":"https:\/\/www.linkeus.fr\/wp-content\/uploads\/2022\/09\/log-linkeus290.png","contentUrl":"https:\/\/www.linkeus.fr\/wp-content\/uploads\/2022\/09\/log-linkeus290.png","width":290,"height":100,"caption":"Linkeus Provence C\u00f4te d&#039;Azur Events"},"image":{"@id":"https:\/\/www.linkeus.fr\/#\/schema\/logo\/image\/"},"sameAs":["https:\/\/www.facebook.com\/ProvenceCotedAzurEvents"]},{"@type":"Person","@id":"https:\/\/www.linkeus.fr\/#\/schema\/person\/f25ebb03c93b16e5b799059c9fe13b4e","name":"Lucile Lagache","url":"https:\/\/www.linkeus.fr\/en\/author\/lucile\/"}]}},"_links":{"self":[{"href":"https:\/\/www.linkeus.fr\/en\/wp-json\/wp\/v2\/posts\/18715","targetHints":{"allow":["GET"]}}],"collection":[{"href":"https:\/\/www.linkeus.fr\/en\/wp-json\/wp\/v2\/posts"}],"about":[{"href":"https:\/\/www.linkeus.fr\/en\/wp-json\/wp\/v2\/types\/post"}],"author":[{"embeddable":true,"href":"https:\/\/www.linkeus.fr\/en\/wp-json\/wp\/v2\/users\/2"}],"replies":[{"embeddable":true,"href":"https:\/\/www.linkeus.fr\/en\/wp-json\/wp\/v2\/comments?post=18715"}],"version-history":[{"count":0,"href":"https:\/\/www.linkeus.fr\/en\/wp-json\/wp\/v2\/posts\/18715\/revisions"}],"wp:featuredmedia":[{"embeddable":true,"href":"https:\/\/www.linkeus.fr\/en\/wp-json\/wp\/v2\/media\/17925"}],"wp:attachment":[{"href":"https:\/\/www.linkeus.fr\/en\/wp-json\/wp\/v2\/media?parent=18715"}],"wp:term":[{"taxonomy":"category","embeddable":true,"href":"https:\/\/www.linkeus.fr\/en\/wp-json\/wp\/v2\/categories?post=18715"},{"taxonomy":"post_tag","embeddable":true,"href":"https:\/\/www.linkeus.fr\/en\/wp-json\/wp\/v2\/tags?post=18715"}],"curies":[{"name":"wp","href":"https:\/\/api.w.org\/{rel}","templated":true}]}}